{"id":536,"date":"2023-01-23T19:55:20","date_gmt":"2023-01-23T17:55:20","guid":{"rendered":"https:\/\/blog.tu-dresden.de\/kunstdidaktik-tud\/?p=536"},"modified":"2023-01-29T19:01:17","modified_gmt":"2023-01-29T17:01:17","slug":"rueckblick-auf-den-tag-der-kunst-am-16-juni-2022","status":"publish","type":"post","link":"https:\/\/blog.tu-dresden.de\/kunstdidaktik-tud\/2023\/01\/23\/rueckblick-auf-den-tag-der-kunst-am-16-juni-2022\/","title":{"rendered":"R\u00fcckblick auf den Tag der Kunst am 16. Juni 2022"},"content":{"rendered":"<div id='gallery-1' class='gallery galleryid-536 gallery-columns-3 gallery-size-thumbnail'><figure class='gallery-item'>\n\t\t\t<div class='gallery-icon landscape'>\n\t\t\t\t<a href='https:\/\/blog.tu-dresden.de\/kunstdidaktik-tud\/2023\/01\/23\/rueckblick-auf-den-tag-der-kunst-am-16-juni-2022\/img_6491\/'><img loading=\"lazy\" decoding=\"async\" width=\"150\" height=\"150\" src=\"https:\/\/blog.tu-dresden.de\/kunstdidaktik-tud\/files\/2023\/01\/IMG_6491-150x150.jpg\" class=\"attachment-thumbnail size-thumbnail\" alt=\"\" aria-describedby=\"gallery-1-556\" \/><\/a>\n\t\t\t<\/div>\n\t\t\t\t<figcaption class='wp-caption-text gallery-caption' id='gallery-1-556'>\n\t\t\t\tFoto: Christin L\u00fcbke\n\t\t\t\t<\/figcaption><\/figure><figure class='gallery-item'>\n\t\t\t<div class='gallery-icon portrait'>\n\t\t\t\t<a href='https:\/\/blog.tu-dresden.de\/kunstdidaktik-tud\/2023\/01\/23\/rueckblick-auf-den-tag-der-kunst-am-16-juni-2022\/img_6486-3\/'><img loading=\"lazy\" decoding=\"async\" width=\"150\" height=\"150\" src=\"https:\/\/blog.tu-dresden.de\/kunstdidaktik-tud\/files\/2023\/01\/IMG_6486-edited-1-150x150.jpg\" class=\"attachment-thumbnail size-thumbnail\" alt=\"\" aria-describedby=\"gallery-1-555\" \/><\/a>\n\t\t\t<\/div>\n\t\t\t\t<figcaption class='wp-caption-text gallery-caption' id='gallery-1-555'>\n\t\t\t\tFoto: Christin L\u00fcbke\n\t\t\t\t<\/figcaption><\/figure><figure class='gallery-item'>\n\t\t\t<div class='gallery-icon portrait'>\n\t\t\t\t<a href='https:\/\/blog.tu-dresden.de\/kunstdidaktik-tud\/2023\/01\/23\/rueckblick-auf-den-tag-der-kunst-am-16-juni-2022\/img_20220616_102807\/'><img loading=\"lazy\" decoding=\"async\" width=\"150\" height=\"150\" src=\"https:\/\/blog.tu-dresden.de\/kunstdidaktik-tud\/files\/2023\/01\/IMG_20220616_102807-150x150.jpg\" class=\"attachment-thumbnail size-thumbnail\" alt=\"\" aria-describedby=\"gallery-1-553\" \/><\/a>\n\t\t\t<\/div>\n\t\t\t\t<figcaption class='wp-caption-text gallery-caption' id='gallery-1-553'>\n\t\t\t\tFoto: Christin L\u00fcbke\n\t\t\t\t<\/figcaption><\/figure><figure class='gallery-item'>\n\t\t\t<div class='gallery-icon portrait'>\n\t\t\t\t<a href='https:\/\/blog.tu-dresden.de\/kunstdidaktik-tud\/img_6523-3\/'><img loading=\"lazy\" decoding=\"async\" width=\"150\" height=\"150\" src=\"https:\/\/blog.tu-dresden.de\/kunstdidaktik-tud\/files\/2023\/01\/IMG_6523-edited-1-150x150.jpg\" class=\"attachment-thumbnail size-thumbnail\" alt=\"\" aria-describedby=\"gallery-1-552\" \/><\/a>\n\t\t\t<\/div>\n\t\t\t\t<figcaption class='wp-caption-text gallery-caption' id='gallery-1-552'>\n\t\t\t\tFoto: Christin L\u00fcbke\n\t\t\t\t<\/figcaption><\/figure><figure class='gallery-item'>\n\t\t\t<div class='gallery-icon portrait'>\n\t\t\t\t<a href='https:\/\/blog.tu-dresden.de\/kunstdidaktik-tud\/img_6532-3\/'><img loading=\"lazy\" decoding=\"async\" width=\"150\" height=\"150\" src=\"https:\/\/blog.tu-dresden.de\/kunstdidaktik-tud\/files\/2023\/01\/IMG_6532-edited-1-150x150.jpg\" class=\"attachment-thumbnail size-thumbnail\" alt=\"\" aria-describedby=\"gallery-1-550\" \/><\/a>\n\t\t\t<\/div>\n\t\t\t\t<figcaption class='wp-caption-text gallery-caption' id='gallery-1-550'>\n\t\t\t\tFoto: Christin L\u00fcbke\n\t\t\t\t<\/figcaption><\/figure><figure class='gallery-item'>\n\t\t\t<div class='gallery-icon portrait'>\n\t\t\t\t<a href='https:\/\/blog.tu-dresden.de\/kunstdidaktik-tud\/img_6496-3\/'><img loading=\"lazy\" decoding=\"async\" width=\"150\" height=\"150\" src=\"https:\/\/blog.tu-dresden.de\/kunstdidaktik-tud\/files\/2023\/01\/IMG_6496-edited-1-150x150.jpg\" class=\"attachment-thumbnail size-thumbnail\" alt=\"\" aria-describedby=\"gallery-1-548\" \/><\/a>\n\t\t\t<\/div>\n\t\t\t\t<figcaption class='wp-caption-text gallery-caption' id='gallery-1-548'>\n\t\t\t\tFoto: Christin L\u00fcbke\n\t\t\t\t<\/figcaption><\/figure><figure class='gallery-item'>\n\t\t\t<div class='gallery-icon portrait'>\n\t\t\t\t<a href='https:\/\/blog.tu-dresden.de\/kunstdidaktik-tud\/2023\/01\/23\/rueckblick-auf-den-tag-der-kunst-am-16-juni-2022\/img_20220616_115230\/'><img loading=\"lazy\" decoding=\"async\" width=\"150\" height=\"150\" src=\"https:\/\/blog.tu-dresden.de\/kunstdidaktik-tud\/files\/2023\/01\/IMG_20220616_115230-150x150.jpg\" class=\"attachment-thumbnail size-thumbnail\" alt=\"\" aria-describedby=\"gallery-1-545\" \/><\/a>\n\t\t\t<\/div>\n\t\t\t\t<figcaption class='wp-caption-text gallery-caption' id='gallery-1-545'>\n\t\t\t\tFoto: Christin L\u00fcbke\n\t\t\t\t<\/figcaption><\/figure><figure class='gallery-item'>\n\t\t\t<div class='gallery-icon portrait'>\n\t\t\t\t<a href='https:\/\/blog.tu-dresden.de\/kunstdidaktik-tud\/2023\/01\/23\/rueckblick-auf-den-tag-der-kunst-am-16-juni-2022\/img_20220616_103527-1\/'><img loading=\"lazy\" decoding=\"async\" width=\"150\" height=\"150\" src=\"https:\/\/blog.tu-dresden.de\/kunstdidaktik-tud\/files\/2023\/01\/IMG_20220616_103527-1-150x150.jpg\" class=\"attachment-thumbnail size-thumbnail\" alt=\"\" aria-describedby=\"gallery-1-540\" \/><\/a>\n\t\t\t<\/div>\n\t\t\t\t<figcaption class='wp-caption-text gallery-caption' id='gallery-1-540'>\n\t\t\t\tFoto: Christin L\u00fcbke\n\t\t\t\t<\/figcaption><\/figure><figure class='gallery-item'>\n\t\t\t<div class='gallery-icon landscape'>\n\t\t\t\t<a href='https:\/\/blog.tu-dresden.de\/kunstdidaktik-tud\/2023\/01\/23\/rueckblick-auf-den-tag-der-kunst-am-16-juni-2022\/img_6522\/'><img loading=\"lazy\" decoding=\"async\" width=\"150\" height=\"150\" src=\"https:\/\/blog.tu-dresden.de\/kunstdidaktik-tud\/files\/2023\/01\/IMG_6522-150x150.jpg\" class=\"attachment-thumbnail size-thumbnail\" alt=\"\" aria-describedby=\"gallery-1-537\" \/><\/a>\n\t\t\t<\/div>\n\t\t\t\t<figcaption class='wp-caption-text gallery-caption' id='gallery-1-537'>\n\t\t\t\tFoto: Christin L\u00fcbke\n\t\t\t\t<\/figcaption><\/figure>\n\t\t<\/div>\n\n\n<p><\/p>\n<p>Ein Text von Karl Laurinat.<\/p>\n<p><\/p>\n<p> Am 16. Juni 2022 haben die achten Klassen des Geschwister-Scholl-Gymnasiums und ihre Kunstlehrerin Georgia Heidenreich uns Lehramtsstudierende der TU Dresden zum Tag der Kunst nach Nossen eingeladen, um in kleinen Gruppen k\u00fcnstlerisch zu experimentieren und zu gestalten. In insgesamt neun verschiedenen Workshops, von denen jede\/r Sch\u00fcler\/in zwei besuchen konnte, haben wir gemeinsam &#8230; <\/p>\n<p class=\"is-layout-flow wp-block-quote-is-layout-flow\">\u2026 Ger\u00e4uschen und Kl\u00e4ngen auf dem Schulgel\u00e4nde nachgesp\u00fcrt.<br \/>\u2026 performend kleine Grenzen \u00fcberschritten.<br \/>\u2026 gerissen, zerschnitten, geklebt und collagiert.<br \/>\u2026 mit Farben gekleckst und gedrippt und dem Zufall Raum gegeben.<br \/>\u2026 das Wechselspiel von Licht und Schatten beforscht.<br \/>\u2026 mit unseren K\u00f6rpern spannende Skulpturen geformt.<br \/>\u2026 Mode mal ganz anders erlebt und pr\u00e4sentiert.<br \/>\u2026 genau hingeschaut und in Bildern Geschichten erz\u00e4hlt.<br \/>\u2026 mit Lebensmitteln (leckere!) Landschaften inszeniert und fotografiert.<\/p>\n<p> <\/p>\n<p>Sehr schnell zeigte sich, mit welcher Offenheit und Neugier die Sch\u00fcler*innen der achten Klassen auch manch herausfordernder Aufgabe oder ungew\u00f6hnlichem Material begegnet sind. Daf\u00fcr bedarf es einer gro\u00dfen Freude am Experimentieren, Spielen und Gestalten, die in jedem einzelnen Workshop zu sp\u00fcren war. Die vielf\u00e4ltigen entstandenen Ergebnisse wurden zum Sommerfest am 07. Juli 2022 ausgestellt und konnten in den Kunstr\u00e4umen betrachtet werden.<\/p>\n<p><\/p>\n<p><\/p>\n<p><\/p>","protected":false},"excerpt":{"rendered":"","protected":false},"author":170,"featured_media":0,"comment_status":"closed","ping_status":"open","sticky":false,"template":"","format":"standard","meta":{"footnotes":""},"categories":[1],"tags":[114,21,112,111,113,11],"class_list":["post-536","post","type-post","status-publish","format-standard","hentry","category-allgemein","tag-geschwister-scholl-gymnasium","tag-kunstpaedagogik","tag-nossen","tag-schule","tag-tag-der-kunst","tag-workshop"],"_links":{"self":[{"href":"https:\/\/blog.tu-dresden.de\/kunstdidaktik-tud\/wp-json\/wp\/v2\/posts\/536","targetHints":{"allow":["GET"]}}],"collection":[{"href":"https:\/\/blog.tu-dresden.de\/kunstdidaktik-tud\/wp-json\/wp\/v2\/posts"}],"about":[{"href":"https:\/\/blog.tu-dresden.de\/kunstdidaktik-tud\/wp-json\/wp\/v2\/types\/post"}],"author":[{"embeddable":true,"href":"https:\/\/blog.tu-dresden.de\/kunstdidaktik-tud\/wp-json\/wp\/v2\/users\/170"}],"replies":[{"embeddable":true,"href":"https:\/\/blog.tu-dresden.de\/kunstdidaktik-tud\/wp-json\/wp\/v2\/comments?post=536"}],"version-history":[{"count":5,"href":"https:\/\/blog.tu-dresden.de\/kunstdidaktik-tud\/wp-json\/wp\/v2\/posts\/536\/revisions"}],"predecessor-version":[{"id":598,"href":"https:\/\/blog.tu-dresden.de\/kunstdidaktik-tud\/wp-json\/wp\/v2\/posts\/536\/revisions\/598"}],"wp:attachment":[{"href":"https:\/\/blog.tu-dresden.de\/kunstdidaktik-tud\/wp-json\/wp\/v2\/media?parent=536"}],"wp:term":[{"taxonomy":"category","embeddable":true,"href":"https:\/\/blog.tu-dresden.de\/kunstdidaktik-tud\/wp-json\/wp\/v2\/categories?post=536"},{"taxonomy":"post_tag","embeddable":true,"href":"https:\/\/blog.tu-dresden.de\/kunstdidaktik-tud\/wp-json\/wp\/v2\/tags?post=536"}],"curies":[{"name":"wp","href":"https:\/\/api.w.org\/{rel}","templated":true}]}}