{"id":653,"date":"2023-02-13T18:47:06","date_gmt":"2023-02-13T16:47:06","guid":{"rendered":"https:\/\/blog.tu-dresden.de\/kunstdidaktik-tud\/?p=653"},"modified":"2023-02-13T18:49:49","modified_gmt":"2023-02-13T16:49:49","slug":"sehen-lernen-begreifen-berlin-exkursion-mit-dem-seminar-sprachformen-der-bildenden-kunst-21-januar-2023","status":"publish","type":"post","link":"https:\/\/blog.tu-dresden.de\/kunstdidaktik-tud\/2023\/02\/13\/sehen-lernen-begreifen-berlin-exkursion-mit-dem-seminar-sprachformen-der-bildenden-kunst-21-januar-2023\/","title":{"rendered":"Sehen. Lernen. Begreifen &#8211; Berlin-Exkursion mit dem Seminar &#8222;Sprachformen der bildenden Kunst&#8220; (21. Januar 2023)"},"content":{"rendered":"<div id='gallery-1' class='gallery galleryid-653 gallery-columns-3 gallery-size-thumbnail'><figure class='gallery-item'>\n\t\t\t<div class='gallery-icon landscape'>\n\t\t\t\t<a href='https:\/\/blog.tu-dresden.de\/kunstdidaktik-tud\/img_4100\/'><img loading=\"lazy\" decoding=\"async\" width=\"150\" height=\"150\" src=\"https:\/\/blog.tu-dresden.de\/kunstdidaktik-tud\/files\/2023\/02\/IMG_4100-150x150.jpg\" class=\"attachment-thumbnail size-thumbnail\" alt=\"\" aria-describedby=\"gallery-1-652\" \/><\/a>\n\t\t\t<\/div>\n\t\t\t\t<figcaption class='wp-caption-text gallery-caption' id='gallery-1-652'>\n\t\t\t\tFoto: Christin L\u00fcbke\n\t\t\t\t<\/figcaption><\/figure><figure class='gallery-item'>\n\t\t\t<div class='gallery-icon portrait'>\n\t\t\t\t<a href='https:\/\/blog.tu-dresden.de\/kunstdidaktik-tud\/img_4066\/'><img loading=\"lazy\" decoding=\"async\" width=\"150\" height=\"150\" src=\"https:\/\/blog.tu-dresden.de\/kunstdidaktik-tud\/files\/2023\/02\/IMG_4066-scaled-e1676304565397-150x150.jpg\" class=\"attachment-thumbnail size-thumbnail\" alt=\"\" aria-describedby=\"gallery-1-646\" \/><\/a>\n\t\t\t<\/div>\n\t\t\t\t<figcaption class='wp-caption-text gallery-caption' id='gallery-1-646'>\n\t\t\t\tFoto: Christin L\u00fcbke\n\t\t\t\t<\/figcaption><\/figure><figure class='gallery-item'>\n\t\t\t<div class='gallery-icon portrait'>\n\t\t\t\t<a href='https:\/\/blog.tu-dresden.de\/kunstdidaktik-tud\/img_4076\/'><img loading=\"lazy\" decoding=\"async\" width=\"150\" height=\"150\" src=\"https:\/\/blog.tu-dresden.de\/kunstdidaktik-tud\/files\/2023\/02\/IMG_4076-scaled-e1676304624321-150x150.jpg\" class=\"attachment-thumbnail size-thumbnail\" alt=\"\" aria-describedby=\"gallery-1-650\" \/><\/a>\n\t\t\t<\/div>\n\t\t\t\t<figcaption class='wp-caption-text gallery-caption' id='gallery-1-650'>\n\t\t\t\tFoto: Christin L\u00fcbke\n\t\t\t\t<\/figcaption><\/figure><figure class='gallery-item'>\n\t\t\t<div class='gallery-icon portrait'>\n\t\t\t\t<a href='https:\/\/blog.tu-dresden.de\/kunstdidaktik-tud\/img_4082\/'><img loading=\"lazy\" decoding=\"async\" width=\"150\" height=\"150\" src=\"https:\/\/blog.tu-dresden.de\/kunstdidaktik-tud\/files\/2023\/02\/IMG_4082-scaled-e1676304657946-150x150.jpg\" class=\"attachment-thumbnail size-thumbnail\" alt=\"\" aria-describedby=\"gallery-1-651\" \/><\/a>\n\t\t\t<\/div>\n\t\t\t\t<figcaption class='wp-caption-text gallery-caption' id='gallery-1-651'>\n\t\t\t\tFoto: Christin L\u00fcbke\n\t\t\t\t<\/figcaption><\/figure><figure class='gallery-item'>\n\t\t\t<div class='gallery-icon portrait'>\n\t\t\t\t<a href='https:\/\/blog.tu-dresden.de\/kunstdidaktik-tud\/img_4070\/'><img loading=\"lazy\" decoding=\"async\" width=\"150\" height=\"150\" src=\"https:\/\/blog.tu-dresden.de\/kunstdidaktik-tud\/files\/2023\/02\/IMG_4070-scaled-e1676304581559-150x150.jpg\" class=\"attachment-thumbnail size-thumbnail\" alt=\"\" aria-describedby=\"gallery-1-647\" \/><\/a>\n\t\t\t<\/div>\n\t\t\t\t<figcaption class='wp-caption-text gallery-caption' id='gallery-1-647'>\n\t\t\t\tFoto: Christin L\u00fcbke\n\t\t\t\t<\/figcaption><\/figure><figure class='gallery-item'>\n\t\t\t<div class='gallery-icon landscape'>\n\t\t\t\t<a href='https:\/\/blog.tu-dresden.de\/kunstdidaktik-tud\/img_4064\/'><img loading=\"lazy\" decoding=\"async\" width=\"150\" height=\"150\" src=\"https:\/\/blog.tu-dresden.de\/kunstdidaktik-tud\/files\/2023\/02\/IMG_4064-150x150.jpg\" class=\"attachment-thumbnail size-thumbnail\" alt=\"\" aria-describedby=\"gallery-1-645\" \/><\/a>\n\t\t\t<\/div>\n\t\t\t\t<figcaption class='wp-caption-text gallery-caption' id='gallery-1-645'>\n\t\t\t\tFoto: Christin L\u00fcbke\n\t\t\t\t<\/figcaption><\/figure><figure class='gallery-item'>\n\t\t\t<div class='gallery-icon landscape'>\n\t\t\t\t<a href='https:\/\/blog.tu-dresden.de\/kunstdidaktik-tud\/img_4074\/'><img loading=\"lazy\" decoding=\"async\" width=\"150\" height=\"150\" src=\"https:\/\/blog.tu-dresden.de\/kunstdidaktik-tud\/files\/2023\/02\/IMG_4074-150x150.jpg\" class=\"attachment-thumbnail size-thumbnail\" alt=\"\" aria-describedby=\"gallery-1-649\" \/><\/a>\n\t\t\t<\/div>\n\t\t\t\t<figcaption class='wp-caption-text gallery-caption' id='gallery-1-649'>\n\t\t\t\tFoto: Christin L\u00fcbke\n\t\t\t\t<\/figcaption><\/figure><figure class='gallery-item'>\n\t\t\t<div class='gallery-icon portrait'>\n\t\t\t\t<a href='https:\/\/blog.tu-dresden.de\/kunstdidaktik-tud\/img_4057\/'><img loading=\"lazy\" decoding=\"async\" width=\"150\" height=\"150\" src=\"https:\/\/blog.tu-dresden.de\/kunstdidaktik-tud\/files\/2023\/02\/IMG_4057-scaled-e1676304482168-150x150.jpg\" class=\"attachment-thumbnail size-thumbnail\" alt=\"\" aria-describedby=\"gallery-1-644\" \/><\/a>\n\t\t\t<\/div>\n\t\t\t\t<figcaption class='wp-caption-text gallery-caption' id='gallery-1-644'>\n\t\t\t\tFoto: Christin L\u00fcbke\n\t\t\t\t<\/figcaption><\/figure><figure class='gallery-item'>\n\t\t\t<div class='gallery-icon landscape'>\n\t\t\t\t<a href='https:\/\/blog.tu-dresden.de\/kunstdidaktik-tud\/img_4071\/'><img loading=\"lazy\" decoding=\"async\" width=\"150\" height=\"150\" src=\"https:\/\/blog.tu-dresden.de\/kunstdidaktik-tud\/files\/2023\/02\/IMG_4071-150x150.jpg\" class=\"attachment-thumbnail size-thumbnail\" alt=\"\" aria-describedby=\"gallery-1-648\" \/><\/a>\n\t\t\t<\/div>\n\t\t\t\t<figcaption class='wp-caption-text gallery-caption' id='gallery-1-648'>\n\t\t\t\tFoto: Christin L\u00fcbke\n\t\t\t\t<\/figcaption><\/figure>\n\t\t<\/div>\n\n<p><em>Ein Text von Christin L\u00fcbke<\/em><\/p>\n<p>Nachdem im Seminar mehrer Woche in der Gruppe anhand von Reproduktionen, kleineren \u00dcbungen und Texten \u00fcber verschiedene Sprachformen der Bildenden Kunst (Grafik, Malerei, Collage, Plastik, Installation, Performance, Fotografie, Mixed Media usw.) gesprochen und diskutiert wurde, haben wir uns auf den Weg nach Berlin gemacht, um pr\u00e4sent mit verschiedenen k\u00fcnstlerischen Positionen in einen Dialog zu treten. Zun\u00e4chst haben wir uns in das <a href=\"https:\/\/www.kaethe-kollwitz.berlin\/\" target=\"_blank\" rel=\"noopener noreferrer\">K\u00e4the-Kollwitz-Museum in Berlin Charlottenburg<\/a> begeben, um uns anhand verschiedener Impulse mit den ausdrucksstarken, dichten Grafiken in Bezug zu setzen. Hell-Dunkel-Untersuchungen, K\u00f6rperdarstellungen und dichotomische Begriffscluster (N\u00e4he, Distanz, Bewegung, Stille, Liebe, Hungrem Leichtsinn, Kraft, Schw\u00e4che, W\u00e4rme, K\u00e4lte &#8230; ) sch\u00e4rften unseren Blick auf die Bilder. Es ging darum, konzentriert und in aller Ruhe, genau hinzusehen . Anschlie\u00dfen haben wir die Ausstellung <a href=\"https:\/\/www.smb.museum\/museen-einrichtungen\/hamburger-bahnhof\/ausstellungen\/detail\/broken-music-vol-2\/\" target=\"_blank\" rel=\"noopener noreferrer\">&#8222;Broken Music Vol.2&#8220; im Hamburger Bahnhof<\/a> besucht. Die Plurailt\u00e4t k\u00fcnstlerischer Ausdrucksformen, die sich am Medium der Schallplatte im Zuge der Erweiterung des Kunstbegriffes abgearbeitet haben, war visuell und auditiv schlichtweg \u00fcberw\u00e4ltigend. Sowohl\u00a0 als k\u00fcnstlerisches Objekt in Installationen, Perfromances und Lesungen als auch auch als Gegenstand zugleich k\u00f6rperlosen und k\u00f6rperbezogenen Klangs r\u00fcckte die Schallplatte als vielseitig verwobene Sprachform der Bildenen Kunst in den Fokus unserer Auseinandersetzung.<\/p>\n","protected":false},"excerpt":{"rendered":"<p>Ein Text von Christin L\u00fcbke Nachdem im Seminar mehrer Woche in der Gruppe anhand von Reproduktionen, kleineren \u00dcbungen und Texten \u00fcber verschiedene Sprachformen der Bildenden Kunst (Grafik, Malerei, Collage, Plastik, Installation, Performance, Fotografie, Mixed Media usw.) gesprochen und diskutiert wurde, haben wir uns auf den Weg nach Berlin gemacht, um pr\u00e4sent mit verschiedenen k\u00fcnstlerischen Positionen &hellip; <a href=\"https:\/\/blog.tu-dresden.de\/kunstdidaktik-tud\/2023\/02\/13\/sehen-lernen-begreifen-berlin-exkursion-mit-dem-seminar-sprachformen-der-bildenden-kunst-21-januar-2023\/\" class=\"more-link\"><span class=\"screen-reader-text\">Sehen. Lernen. Begreifen &#8211; Berlin-Exkursion mit dem Seminar &#8222;Sprachformen der bildenden Kunst&#8220; (21. Januar 2023)<\/span> weiterlesen <span class=\"meta-nav\">&rarr;<\/span><\/a><\/p>\n","protected":false},"author":170,"featured_media":0,"comment_status":"closed","ping_status":"open","sticky":false,"template":"","format":"standard","meta":{"footnotes":""},"categories":[73],"tags":[108,110,109,26,130],"class_list":["post-653","post","type-post","status-publish","format-standard","hentry","category-einblicke-ins-aktuelle-semester","tag-berlin","tag-dialog","tag-exkursion","tag-museum","tag-pluralitaet"],"_links":{"self":[{"href":"https:\/\/blog.tu-dresden.de\/kunstdidaktik-tud\/wp-json\/wp\/v2\/posts\/653","targetHints":{"allow":["GET"]}}],"collection":[{"href":"https:\/\/blog.tu-dresden.de\/kunstdidaktik-tud\/wp-json\/wp\/v2\/posts"}],"about":[{"href":"https:\/\/blog.tu-dresden.de\/kunstdidaktik-tud\/wp-json\/wp\/v2\/types\/post"}],"author":[{"embeddable":true,"href":"https:\/\/blog.tu-dresden.de\/kunstdidaktik-tud\/wp-json\/wp\/v2\/users\/170"}],"replies":[{"embeddable":true,"href":"https:\/\/blog.tu-dresden.de\/kunstdidaktik-tud\/wp-json\/wp\/v2\/comments?post=653"}],"version-history":[{"count":3,"href":"https:\/\/blog.tu-dresden.de\/kunstdidaktik-tud\/wp-json\/wp\/v2\/posts\/653\/revisions"}],"predecessor-version":[{"id":656,"href":"https:\/\/blog.tu-dresden.de\/kunstdidaktik-tud\/wp-json\/wp\/v2\/posts\/653\/revisions\/656"}],"wp:attachment":[{"href":"https:\/\/blog.tu-dresden.de\/kunstdidaktik-tud\/wp-json\/wp\/v2\/media?parent=653"}],"wp:term":[{"taxonomy":"category","embeddable":true,"href":"https:\/\/blog.tu-dresden.de\/kunstdidaktik-tud\/wp-json\/wp\/v2\/categories?post=653"},{"taxonomy":"post_tag","embeddable":true,"href":"https:\/\/blog.tu-dresden.de\/kunstdidaktik-tud\/wp-json\/wp\/v2\/tags?post=653"}],"curies":[{"name":"wp","href":"https:\/\/api.w.org\/{rel}","templated":true}]}}