{"id":657,"date":"2023-02-15T11:55:01","date_gmt":"2023-02-15T09:55:01","guid":{"rendered":"https:\/\/blog.tu-dresden.de\/kunstdidaktik-tud\/?p=657"},"modified":"2023-02-22T19:07:53","modified_gmt":"2023-02-22T17:07:53","slug":"examenausstellung-nexus-der-kunstpaedagogikstudierenden","status":"publish","type":"post","link":"https:\/\/blog.tu-dresden.de\/kunstdidaktik-tud\/2023\/02\/15\/examenausstellung-nexus-der-kunstpaedagogikstudierenden\/","title":{"rendered":"Examenausstellung &#8222;Nexus&#8220; der Kunstp\u00e4dagogik-Studierenden"},"content":{"rendered":"<div id='gallery-1' class='gallery galleryid-657 gallery-columns-3 gallery-size-thumbnail'><figure class='gallery-item'>\n\t\t\t<div class='gallery-icon landscape'>\n\t\t\t\t<a href='https:\/\/blog.tu-dresden.de\/kunstdidaktik-tud\/kunstodie_flyer\/'><img loading=\"lazy\" decoding=\"async\" width=\"150\" height=\"150\" src=\"https:\/\/blog.tu-dresden.de\/kunstdidaktik-tud\/files\/2023\/02\/Kunstodie_Flyer-150x150.jpg\" class=\"attachment-thumbnail size-thumbnail\" alt=\"\" \/><\/a>\n\t\t\t<\/div><\/figure><figure class='gallery-item'>\n\t\t\t<div class='gallery-icon portrait'>\n\t\t\t\t<a href='https:\/\/blog.tu-dresden.de\/kunstdidaktik-tud\/20230203_173701051_ios\/'><img loading=\"lazy\" decoding=\"async\" width=\"150\" height=\"150\" src=\"https:\/\/blog.tu-dresden.de\/kunstdidaktik-tud\/files\/2023\/02\/20230203_173701051_iOS-scaled-e1676453567556-150x150.jpg\" class=\"attachment-thumbnail size-thumbnail\" alt=\"\" aria-describedby=\"gallery-1-661\" \/><\/a>\n\t\t\t<\/div>\n\t\t\t\t<figcaption class='wp-caption-text gallery-caption' id='gallery-1-661'>\n\t\t\t\tFoto: Christin L\u00fcbke\n\t\t\t\t<\/figcaption><\/figure><figure class='gallery-item'>\n\t\t\t<div class='gallery-icon landscape'>\n\t\t\t\t<a href='https:\/\/blog.tu-dresden.de\/kunstdidaktik-tud\/20230203_180841959_ios\/'><img loading=\"lazy\" decoding=\"async\" width=\"150\" height=\"150\" src=\"https:\/\/blog.tu-dresden.de\/kunstdidaktik-tud\/files\/2023\/02\/20230203_180841959_iOS-150x150.jpg\" class=\"attachment-thumbnail size-thumbnail\" alt=\"\" aria-describedby=\"gallery-1-663\" \/><\/a>\n\t\t\t<\/div>\n\t\t\t\t<figcaption class='wp-caption-text gallery-caption' id='gallery-1-663'>\n\t\t\t\tFoto: Christin L\u00fcbke\n\t\t\t\t<\/figcaption><\/figure><figure class='gallery-item'>\n\t\t\t<div class='gallery-icon portrait'>\n\t\t\t\t<a href='https:\/\/blog.tu-dresden.de\/kunstdidaktik-tud\/20230203_181103274_ios\/'><img loading=\"lazy\" decoding=\"async\" width=\"150\" height=\"150\" src=\"https:\/\/blog.tu-dresden.de\/kunstdidaktik-tud\/files\/2023\/02\/20230203_181103274_iOS-scaled-e1676454029887-150x150.jpg\" class=\"attachment-thumbnail size-thumbnail\" alt=\"\" aria-describedby=\"gallery-1-667\" \/><\/a>\n\t\t\t<\/div>\n\t\t\t\t<figcaption class='wp-caption-text gallery-caption' id='gallery-1-667'>\n\t\t\t\tFoto: Christin L\u00fcbke\n\t\t\t\t<\/figcaption><\/figure><figure class='gallery-item'>\n\t\t\t<div class='gallery-icon portrait'>\n\t\t\t\t<a href='https:\/\/blog.tu-dresden.de\/kunstdidaktik-tud\/20230203_181235349_ios\/'><img loading=\"lazy\" decoding=\"async\" width=\"150\" height=\"150\" src=\"https:\/\/blog.tu-dresden.de\/kunstdidaktik-tud\/files\/2023\/02\/20230203_181235349_iOS-scaled-e1676454039650-150x150.jpg\" class=\"attachment-thumbnail size-thumbnail\" alt=\"\" aria-describedby=\"gallery-1-668\" \/><\/a>\n\t\t\t<\/div>\n\t\t\t\t<figcaption class='wp-caption-text gallery-caption' id='gallery-1-668'>\n\t\t\t\tFoto: Christin L\u00fcbke\n\t\t\t\t<\/figcaption><\/figure><figure class='gallery-item'>\n\t\t\t<div class='gallery-icon portrait'>\n\t\t\t\t<a href='https:\/\/blog.tu-dresden.de\/kunstdidaktik-tud\/20230203_181050598_ios\/'><img loading=\"lazy\" decoding=\"async\" width=\"150\" height=\"150\" src=\"https:\/\/blog.tu-dresden.de\/kunstdidaktik-tud\/files\/2023\/02\/20230203_181050598_iOS-scaled-e1676453674324-150x150.jpg\" class=\"attachment-thumbnail size-thumbnail\" alt=\"\" aria-describedby=\"gallery-1-666\" \/><\/a>\n\t\t\t<\/div>\n\t\t\t\t<figcaption class='wp-caption-text gallery-caption' id='gallery-1-666'>\n\t\t\t\tFoto: Christin L\u00fcbke\n\t\t\t\t<\/figcaption><\/figure><figure class='gallery-item'>\n\t\t\t<div class='gallery-icon portrait'>\n\t\t\t\t<a href='https:\/\/blog.tu-dresden.de\/kunstdidaktik-tud\/20230203_174832975_ios\/'><img loading=\"lazy\" decoding=\"async\" width=\"150\" height=\"150\" src=\"https:\/\/blog.tu-dresden.de\/kunstdidaktik-tud\/files\/2023\/02\/20230203_174832975_iOS-scaled-e1676453620574-150x150.jpg\" class=\"attachment-thumbnail size-thumbnail\" alt=\"\" aria-describedby=\"gallery-1-662\" \/><\/a>\n\t\t\t<\/div>\n\t\t\t\t<figcaption class='wp-caption-text gallery-caption' id='gallery-1-662'>\n\t\t\t\tFoto: Christin L\u00fcbke\n\t\t\t\t<\/figcaption><\/figure><figure class='gallery-item'>\n\t\t\t<div class='gallery-icon landscape'>\n\t\t\t\t<a href='https:\/\/blog.tu-dresden.de\/kunstdidaktik-tud\/20230203_181041725_ios\/'><img loading=\"lazy\" decoding=\"async\" width=\"150\" height=\"150\" src=\"https:\/\/blog.tu-dresden.de\/kunstdidaktik-tud\/files\/2023\/02\/20230203_181041725_iOS-150x150.jpg\" class=\"attachment-thumbnail size-thumbnail\" alt=\"\" aria-describedby=\"gallery-1-665\" \/><\/a>\n\t\t\t<\/div>\n\t\t\t\t<figcaption class='wp-caption-text gallery-caption' id='gallery-1-665'>\n\t\t\t\tFoto: Christin L\u00fcbke\n\t\t\t\t<\/figcaption><\/figure><figure class='gallery-item'>\n\t\t\t<div class='gallery-icon portrait'>\n\t\t\t\t<a href='https:\/\/blog.tu-dresden.de\/kunstdidaktik-tud\/20230203_180852731_ios-2\/'><img loading=\"lazy\" decoding=\"async\" width=\"150\" height=\"150\" src=\"https:\/\/blog.tu-dresden.de\/kunstdidaktik-tud\/files\/2023\/02\/20230203_180852731_iOS-1-scaled-e1676453648535-150x150.jpg\" class=\"attachment-thumbnail size-thumbnail\" alt=\"\" aria-describedby=\"gallery-1-664\" \/><\/a>\n\t\t\t<\/div>\n\t\t\t\t<figcaption class='wp-caption-text gallery-caption' id='gallery-1-664'>\n\t\t\t\tFoto: Christin L\u00fcbke\n\t\t\t\t<\/figcaption><\/figure>\n\t\t<\/div>\n\n<div id=\"Item.MessagePartBody\" class=\"_rp_T4\">\n<div id=\"Item.MessageUniqueBody\" class=\"_rp_U4 ms-font-weight-regular ms-font-color-neutralDark rpHighlightAllClass rpHighlightBodyClass\">\n<div class=\"rps_d8e3\">\n<div>\n<div><em>Ein Beitrag von Karen Packebusch<br \/>\n<\/em><\/div>\n<div><\/div>\n<div>Am 3. Februar 2023 war es wieder soweit:\u00a0\u00a0\u00a0\u00a0\u00a0\u00a0\u00a0\u00a0\u00a0\u00a0\u00a0\u00a0\u00a0\u00a0\u00a0\u00a0\u00a0\u00a0\u00a0\u00a0\u00a0\u00a0\u00a0\u00a0\u00a0\u00a0\u00a0\u00a0\u00a0\u00a0\u00a0\u00a0\u00a0\u00a0\u00a0\u00a0\u00a0\u00a0\u00a0\u00a0\u00a0\u00a0\u00a0\u00a0\u00a0\u00a0\u00a0\u00a0\u00a0\u00a0\u00a0\u00a0\u00a0\u00a0\u00a0\u00a0\u00a0\u00a0\u00a0\u00a0\u00a0\u00a0\u00a0\u00a0 unsere Studierenden er\u00f6ffneten ihre Examensausstellung in der Galerie der Kunstodie der Technischen Universit\u00e4t Dresden im G\u00f6rges Bau. Unter dem Arbeits- und Ausstellungstitel NEXUS werden Fragen nach dem Hier &amp; Jetzt, Geschichte, Gesellschaft, Herkunft, K\u00f6rper, Mensch, Natur, Alltag und Individuum versus Gruppe in einzigartigen und mutigen Arbeiten pr\u00e4sentiert, die die Betrachtenden vor allem fragen und nicht nach vorgefertigten Antworten suchen l\u00e4sst! CHAPEAU!<\/p>\n<p>Zu sehen ist die Ausstellung noch bis einschlie\u00dflich 17. M\u00e4rz 2023<\/p>\n<\/div>\n<\/div>\n<\/div>\n<\/div>\n<\/div>\n<div class=\"_pe_d _pe_62\"><\/div>\n","protected":false},"excerpt":{"rendered":"<p>Ein Beitrag von Karen Packebusch Am 3. Februar 2023 war es wieder soweit:\u00a0\u00a0\u00a0\u00a0\u00a0\u00a0\u00a0\u00a0\u00a0\u00a0\u00a0\u00a0\u00a0\u00a0\u00a0\u00a0\u00a0\u00a0\u00a0\u00a0\u00a0\u00a0\u00a0\u00a0\u00a0\u00a0\u00a0\u00a0\u00a0\u00a0\u00a0\u00a0\u00a0\u00a0\u00a0\u00a0\u00a0\u00a0\u00a0\u00a0\u00a0\u00a0\u00a0\u00a0\u00a0\u00a0\u00a0\u00a0\u00a0\u00a0\u00a0\u00a0\u00a0\u00a0\u00a0\u00a0\u00a0\u00a0\u00a0\u00a0\u00a0\u00a0\u00a0\u00a0 unsere Studierenden er\u00f6ffneten ihre Examensausstellung in der Galerie der Kunstodie der Technischen Universit\u00e4t Dresden im G\u00f6rges Bau. Unter dem Arbeits- und Ausstellungstitel NEXUS werden Fragen nach dem Hier &amp; Jetzt, Geschichte, Gesellschaft, Herkunft, K\u00f6rper, Mensch, Natur, Alltag und Individuum versus Gruppe in &hellip; <a href=\"https:\/\/blog.tu-dresden.de\/kunstdidaktik-tud\/2023\/02\/15\/examenausstellung-nexus-der-kunstpaedagogikstudierenden\/\" class=\"more-link\"><span class=\"screen-reader-text\">Examenausstellung &#8222;Nexus&#8220; der Kunstp\u00e4dagogik-Studierenden<\/span> weiterlesen <span class=\"meta-nav\">&rarr;<\/span><\/a><\/p>\n","protected":false},"author":170,"featured_media":0,"comment_status":"closed","ping_status":"open","sticky":false,"template":"","format":"standard","meta":{"footnotes":""},"categories":[73],"tags":[79,122,132,131,123],"class_list":["post-657","post","type-post","status-publish","format-standard","hentry","category-einblicke-ins-aktuelle-semester","tag-ausstellung","tag-kunstpraxis","tag-kustodie-tud","tag-nexus","tag-vernissage"],"_links":{"self":[{"href":"https:\/\/blog.tu-dresden.de\/kunstdidaktik-tud\/wp-json\/wp\/v2\/posts\/657","targetHints":{"allow":["GET"]}}],"collection":[{"href":"https:\/\/blog.tu-dresden.de\/kunstdidaktik-tud\/wp-json\/wp\/v2\/posts"}],"about":[{"href":"https:\/\/blog.tu-dresden.de\/kunstdidaktik-tud\/wp-json\/wp\/v2\/types\/post"}],"author":[{"embeddable":true,"href":"https:\/\/blog.tu-dresden.de\/kunstdidaktik-tud\/wp-json\/wp\/v2\/users\/170"}],"replies":[{"embeddable":true,"href":"https:\/\/blog.tu-dresden.de\/kunstdidaktik-tud\/wp-json\/wp\/v2\/comments?post=657"}],"version-history":[{"count":4,"href":"https:\/\/blog.tu-dresden.de\/kunstdidaktik-tud\/wp-json\/wp\/v2\/posts\/657\/revisions"}],"predecessor-version":[{"id":672,"href":"https:\/\/blog.tu-dresden.de\/kunstdidaktik-tud\/wp-json\/wp\/v2\/posts\/657\/revisions\/672"}],"wp:attachment":[{"href":"https:\/\/blog.tu-dresden.de\/kunstdidaktik-tud\/wp-json\/wp\/v2\/media?parent=657"}],"wp:term":[{"taxonomy":"category","embeddable":true,"href":"https:\/\/blog.tu-dresden.de\/kunstdidaktik-tud\/wp-json\/wp\/v2\/categories?post=657"},{"taxonomy":"post_tag","embeddable":true,"href":"https:\/\/blog.tu-dresden.de\/kunstdidaktik-tud\/wp-json\/wp\/v2\/tags?post=657"}],"curies":[{"name":"wp","href":"https:\/\/api.w.org\/{rel}","templated":true}]}}