{"id":734,"date":"2023-11-23T17:20:06","date_gmt":"2023-11-23T15:20:06","guid":{"rendered":"https:\/\/blog.tu-dresden.de\/kunstdidaktik-tud\/?p=734"},"modified":"2023-11-23T17:21:27","modified_gmt":"2023-11-23T15:21:27","slug":"ein-rueckblick-auf-den-tag-der-kunst-spielen-und-staunen","status":"publish","type":"post","link":"https:\/\/blog.tu-dresden.de\/kunstdidaktik-tud\/2023\/11\/23\/ein-rueckblick-auf-den-tag-der-kunst-spielen-und-staunen\/","title":{"rendered":"Ein R\u00fcckblick auf den Tag der Kunst: Spielen und Staunen"},"content":{"rendered":"\n<figure class=\"wp-block-gallery has-nested-images columns-default is-cropped wp-block-gallery-1 is-layout-flex wp-block-gallery-is-layout-flex\">\n<figure class=\"wp-block-image size-large\"><a href=\"https:\/\/blog.tu-dresden.de\/kunstdidaktik-tud\/files\/2023\/11\/21F11D8A-4820-48F4-A6C4-FA9A747CB677-scaled-1.jpeg\"><img loading=\"lazy\" decoding=\"async\" width=\"768\" height=\"1024\" data-id=\"733\" src=\"https:\/\/blog.tu-dresden.de\/kunstdidaktik-tud\/files\/2023\/11\/21F11D8A-4820-48F4-A6C4-FA9A747CB677-scaled-1-768x1024.jpeg\" alt=\"\" class=\"wp-image-733\" srcset=\"https:\/\/blog.tu-dresden.de\/kunstdidaktik-tud\/files\/2023\/11\/21F11D8A-4820-48F4-A6C4-FA9A747CB677-scaled-1-768x1024.jpeg 768w, https:\/\/blog.tu-dresden.de\/kunstdidaktik-tud\/files\/2023\/11\/21F11D8A-4820-48F4-A6C4-FA9A747CB677-scaled-1-225x300.jpeg 225w, https:\/\/blog.tu-dresden.de\/kunstdidaktik-tud\/files\/2023\/11\/21F11D8A-4820-48F4-A6C4-FA9A747CB677-scaled-1-1152x1536.jpeg 1152w, https:\/\/blog.tu-dresden.de\/kunstdidaktik-tud\/files\/2023\/11\/21F11D8A-4820-48F4-A6C4-FA9A747CB677-scaled-1-1536x2048.jpeg 1536w, https:\/\/blog.tu-dresden.de\/kunstdidaktik-tud\/files\/2023\/11\/21F11D8A-4820-48F4-A6C4-FA9A747CB677-scaled-1.jpeg 1920w\" sizes=\"auto, (max-width: 768px) 100vw, 768px\" \/><\/a><\/figure>\n\n\n\n<figure class=\"wp-block-image size-large\"><a href=\"https:\/\/blog.tu-dresden.de\/kunstdidaktik-tud\/files\/2023\/11\/6EBBC837-6DC1-453A-95CF-0DFC724E9537-scaled-1.jpeg\"><img loading=\"lazy\" decoding=\"async\" width=\"822\" height=\"1024\" data-id=\"732\" src=\"https:\/\/blog.tu-dresden.de\/kunstdidaktik-tud\/files\/2023\/11\/6EBBC837-6DC1-453A-95CF-0DFC724E9537-scaled-1-822x1024.jpeg\" alt=\"\" class=\"wp-image-732\" srcset=\"https:\/\/blog.tu-dresden.de\/kunstdidaktik-tud\/files\/2023\/11\/6EBBC837-6DC1-453A-95CF-0DFC724E9537-scaled-1-822x1024.jpeg 822w, https:\/\/blog.tu-dresden.de\/kunstdidaktik-tud\/files\/2023\/11\/6EBBC837-6DC1-453A-95CF-0DFC724E9537-scaled-1-241x300.jpeg 241w, https:\/\/blog.tu-dresden.de\/kunstdidaktik-tud\/files\/2023\/11\/6EBBC837-6DC1-453A-95CF-0DFC724E9537-scaled-1-768x957.jpeg 768w, https:\/\/blog.tu-dresden.de\/kunstdidaktik-tud\/files\/2023\/11\/6EBBC837-6DC1-453A-95CF-0DFC724E9537-scaled-1-1233x1536.jpeg 1233w, https:\/\/blog.tu-dresden.de\/kunstdidaktik-tud\/files\/2023\/11\/6EBBC837-6DC1-453A-95CF-0DFC724E9537-scaled-1-1644x2048.jpeg 1644w\" sizes=\"auto, (max-width: 822px) 100vw, 822px\" \/><\/a><\/figure>\n\n\n\n<figure class=\"wp-block-image size-large\"><a href=\"https:\/\/blog.tu-dresden.de\/kunstdidaktik-tud\/files\/2023\/11\/49AC37C1-74DA-4A0A-87FA-DCDD14AA9A04-scaled-1.jpeg\"><img loading=\"lazy\" decoding=\"async\" width=\"750\" height=\"1024\" data-id=\"731\" src=\"https:\/\/blog.tu-dresden.de\/kunstdidaktik-tud\/files\/2023\/11\/49AC37C1-74DA-4A0A-87FA-DCDD14AA9A04-scaled-1-750x1024.jpeg\" alt=\"\" class=\"wp-image-731\" srcset=\"https:\/\/blog.tu-dresden.de\/kunstdidaktik-tud\/files\/2023\/11\/49AC37C1-74DA-4A0A-87FA-DCDD14AA9A04-scaled-1-750x1024.jpeg 750w, https:\/\/blog.tu-dresden.de\/kunstdidaktik-tud\/files\/2023\/11\/49AC37C1-74DA-4A0A-87FA-DCDD14AA9A04-scaled-1-220x300.jpeg 220w, https:\/\/blog.tu-dresden.de\/kunstdidaktik-tud\/files\/2023\/11\/49AC37C1-74DA-4A0A-87FA-DCDD14AA9A04-scaled-1-768x1049.jpeg 768w, https:\/\/blog.tu-dresden.de\/kunstdidaktik-tud\/files\/2023\/11\/49AC37C1-74DA-4A0A-87FA-DCDD14AA9A04-scaled-1-1124x1536.jpeg 1124w, https:\/\/blog.tu-dresden.de\/kunstdidaktik-tud\/files\/2023\/11\/49AC37C1-74DA-4A0A-87FA-DCDD14AA9A04-scaled-1-1499x2048.jpeg 1499w, https:\/\/blog.tu-dresden.de\/kunstdidaktik-tud\/files\/2023\/11\/49AC37C1-74DA-4A0A-87FA-DCDD14AA9A04-scaled-1.jpeg 1874w\" sizes=\"auto, (max-width: 750px) 100vw, 750px\" \/><\/a><\/figure>\n\n\n\n<figure class=\"wp-block-image size-large\"><a href=\"https:\/\/blog.tu-dresden.de\/kunstdidaktik-tud\/files\/2023\/11\/CE61C969-B433-47C1-83C9-46CD1C108E58-scaled-1.jpeg\"><img loading=\"lazy\" decoding=\"async\" width=\"768\" height=\"1024\" data-id=\"730\" src=\"https:\/\/blog.tu-dresden.de\/kunstdidaktik-tud\/files\/2023\/11\/CE61C969-B433-47C1-83C9-46CD1C108E58-scaled-1-768x1024.jpeg\" alt=\"\" class=\"wp-image-730\" srcset=\"https:\/\/blog.tu-dresden.de\/kunstdidaktik-tud\/files\/2023\/11\/CE61C969-B433-47C1-83C9-46CD1C108E58-scaled-1-768x1024.jpeg 768w, https:\/\/blog.tu-dresden.de\/kunstdidaktik-tud\/files\/2023\/11\/CE61C969-B433-47C1-83C9-46CD1C108E58-scaled-1-225x300.jpeg 225w, https:\/\/blog.tu-dresden.de\/kunstdidaktik-tud\/files\/2023\/11\/CE61C969-B433-47C1-83C9-46CD1C108E58-scaled-1-1152x1536.jpeg 1152w, https:\/\/blog.tu-dresden.de\/kunstdidaktik-tud\/files\/2023\/11\/CE61C969-B433-47C1-83C9-46CD1C108E58-scaled-1-1536x2048.jpeg 1536w, https:\/\/blog.tu-dresden.de\/kunstdidaktik-tud\/files\/2023\/11\/CE61C969-B433-47C1-83C9-46CD1C108E58-scaled-1.jpeg 1920w\" sizes=\"auto, (max-width: 768px) 100vw, 768px\" \/><\/a><\/figure>\n\n\n\n<figure class=\"wp-block-image size-large\"><a href=\"https:\/\/blog.tu-dresden.de\/kunstdidaktik-tud\/files\/2023\/11\/B22E0F29-8C2D-4967-A782-DE1068BB1F89.jpeg\"><img loading=\"lazy\" decoding=\"async\" width=\"1024\" height=\"767\" data-id=\"729\" src=\"https:\/\/blog.tu-dresden.de\/kunstdidaktik-tud\/files\/2023\/11\/B22E0F29-8C2D-4967-A782-DE1068BB1F89-1024x767.jpeg\" alt=\"\" class=\"wp-image-729\" srcset=\"https:\/\/blog.tu-dresden.de\/kunstdidaktik-tud\/files\/2023\/11\/B22E0F29-8C2D-4967-A782-DE1068BB1F89-1024x767.jpeg 1024w, https:\/\/blog.tu-dresden.de\/kunstdidaktik-tud\/files\/2023\/11\/B22E0F29-8C2D-4967-A782-DE1068BB1F89-300x225.jpeg 300w, https:\/\/blog.tu-dresden.de\/kunstdidaktik-tud\/files\/2023\/11\/B22E0F29-8C2D-4967-A782-DE1068BB1F89-768x575.jpeg 768w, https:\/\/blog.tu-dresden.de\/kunstdidaktik-tud\/files\/2023\/11\/B22E0F29-8C2D-4967-A782-DE1068BB1F89-1536x1151.jpeg 1536w, https:\/\/blog.tu-dresden.de\/kunstdidaktik-tud\/files\/2023\/11\/B22E0F29-8C2D-4967-A782-DE1068BB1F89-2048x1535.jpeg 2048w\" sizes=\"auto, (max-width: 1024px) 100vw, 1024px\" \/><\/a><\/figure>\n\n\n\n<figure class=\"wp-block-image size-large\"><a href=\"https:\/\/blog.tu-dresden.de\/kunstdidaktik-tud\/files\/2023\/11\/507F6554-88E1-4C5A-B57B-3A8D4010095A-scaled-1.jpeg\"><img loading=\"lazy\" decoding=\"async\" width=\"768\" height=\"1024\" data-id=\"728\" src=\"https:\/\/blog.tu-dresden.de\/kunstdidaktik-tud\/files\/2023\/11\/507F6554-88E1-4C5A-B57B-3A8D4010095A-scaled-1-768x1024.jpeg\" alt=\"\" class=\"wp-image-728\" srcset=\"https:\/\/blog.tu-dresden.de\/kunstdidaktik-tud\/files\/2023\/11\/507F6554-88E1-4C5A-B57B-3A8D4010095A-scaled-1-768x1024.jpeg 768w, https:\/\/blog.tu-dresden.de\/kunstdidaktik-tud\/files\/2023\/11\/507F6554-88E1-4C5A-B57B-3A8D4010095A-scaled-1-225x300.jpeg 225w, https:\/\/blog.tu-dresden.de\/kunstdidaktik-tud\/files\/2023\/11\/507F6554-88E1-4C5A-B57B-3A8D4010095A-scaled-1-1152x1536.jpeg 1152w, https:\/\/blog.tu-dresden.de\/kunstdidaktik-tud\/files\/2023\/11\/507F6554-88E1-4C5A-B57B-3A8D4010095A-scaled-1-1536x2048.jpeg 1536w, https:\/\/blog.tu-dresden.de\/kunstdidaktik-tud\/files\/2023\/11\/507F6554-88E1-4C5A-B57B-3A8D4010095A-scaled-1.jpeg 1920w\" sizes=\"auto, (max-width: 768px) 100vw, 768px\" \/><\/a><\/figure>\n\n\n\n<figure class=\"wp-block-image size-large\"><a href=\"https:\/\/blog.tu-dresden.de\/kunstdidaktik-tud\/files\/2023\/11\/386A8BFA-698E-4886-9807-3E7DBA406354-scaled-1.jpeg\"><img loading=\"lazy\" decoding=\"async\" width=\"1024\" height=\"768\" data-id=\"727\" src=\"https:\/\/blog.tu-dresden.de\/kunstdidaktik-tud\/files\/2023\/11\/386A8BFA-698E-4886-9807-3E7DBA406354-scaled-1-1024x768.jpeg\" alt=\"\" class=\"wp-image-727\" srcset=\"https:\/\/blog.tu-dresden.de\/kunstdidaktik-tud\/files\/2023\/11\/386A8BFA-698E-4886-9807-3E7DBA406354-scaled-1-1024x768.jpeg 1024w, https:\/\/blog.tu-dresden.de\/kunstdidaktik-tud\/files\/2023\/11\/386A8BFA-698E-4886-9807-3E7DBA406354-scaled-1-300x225.jpeg 300w, https:\/\/blog.tu-dresden.de\/kunstdidaktik-tud\/files\/2023\/11\/386A8BFA-698E-4886-9807-3E7DBA406354-scaled-1-768x576.jpeg 768w, https:\/\/blog.tu-dresden.de\/kunstdidaktik-tud\/files\/2023\/11\/386A8BFA-698E-4886-9807-3E7DBA406354-scaled-1-1536x1152.jpeg 1536w, https:\/\/blog.tu-dresden.de\/kunstdidaktik-tud\/files\/2023\/11\/386A8BFA-698E-4886-9807-3E7DBA406354-scaled-1-2048x1536.jpeg 2048w\" sizes=\"auto, (max-width: 1024px) 100vw, 1024px\" \/><\/a><\/figure>\n\n\n\n<figure class=\"wp-block-image size-large\"><a href=\"https:\/\/blog.tu-dresden.de\/kunstdidaktik-tud\/files\/2023\/11\/D5AEFBB0-87D6-4DEB-9671-F8BA70BC9A54-scaled-1.jpeg\"><img loading=\"lazy\" decoding=\"async\" width=\"768\" height=\"1024\" data-id=\"726\" src=\"https:\/\/blog.tu-dresden.de\/kunstdidaktik-tud\/files\/2023\/11\/D5AEFBB0-87D6-4DEB-9671-F8BA70BC9A54-scaled-1-768x1024.jpeg\" alt=\"\" class=\"wp-image-726\" srcset=\"https:\/\/blog.tu-dresden.de\/kunstdidaktik-tud\/files\/2023\/11\/D5AEFBB0-87D6-4DEB-9671-F8BA70BC9A54-scaled-1-768x1024.jpeg 768w, https:\/\/blog.tu-dresden.de\/kunstdidaktik-tud\/files\/2023\/11\/D5AEFBB0-87D6-4DEB-9671-F8BA70BC9A54-scaled-1-225x300.jpeg 225w, https:\/\/blog.tu-dresden.de\/kunstdidaktik-tud\/files\/2023\/11\/D5AEFBB0-87D6-4DEB-9671-F8BA70BC9A54-scaled-1-1152x1536.jpeg 1152w, https:\/\/blog.tu-dresden.de\/kunstdidaktik-tud\/files\/2023\/11\/D5AEFBB0-87D6-4DEB-9671-F8BA70BC9A54-scaled-1-1536x2048.jpeg 1536w, https:\/\/blog.tu-dresden.de\/kunstdidaktik-tud\/files\/2023\/11\/D5AEFBB0-87D6-4DEB-9671-F8BA70BC9A54-scaled-1.jpeg 1920w\" sizes=\"auto, (max-width: 768px) 100vw, 768px\" \/><\/a><\/figure>\n\n\n\n<figure class=\"wp-block-image size-large\"><a href=\"https:\/\/blog.tu-dresden.de\/kunstdidaktik-tud\/files\/2023\/11\/11DFF40C-1FF5-4539-8497-8945AEE1AC52-scaled-1.jpeg\"><img loading=\"lazy\" decoding=\"async\" width=\"768\" height=\"1024\" data-id=\"725\" src=\"https:\/\/blog.tu-dresden.de\/kunstdidaktik-tud\/files\/2023\/11\/11DFF40C-1FF5-4539-8497-8945AEE1AC52-scaled-1-768x1024.jpeg\" alt=\"\" class=\"wp-image-725\" srcset=\"https:\/\/blog.tu-dresden.de\/kunstdidaktik-tud\/files\/2023\/11\/11DFF40C-1FF5-4539-8497-8945AEE1AC52-scaled-1-768x1024.jpeg 768w, https:\/\/blog.tu-dresden.de\/kunstdidaktik-tud\/files\/2023\/11\/11DFF40C-1FF5-4539-8497-8945AEE1AC52-scaled-1-225x300.jpeg 225w, https:\/\/blog.tu-dresden.de\/kunstdidaktik-tud\/files\/2023\/11\/11DFF40C-1FF5-4539-8497-8945AEE1AC52-scaled-1-1152x1536.jpeg 1152w, https:\/\/blog.tu-dresden.de\/kunstdidaktik-tud\/files\/2023\/11\/11DFF40C-1FF5-4539-8497-8945AEE1AC52-scaled-1-1536x2048.jpeg 1536w, https:\/\/blog.tu-dresden.de\/kunstdidaktik-tud\/files\/2023\/11\/11DFF40C-1FF5-4539-8497-8945AEE1AC52-scaled-1.jpeg 1920w\" sizes=\"auto, (max-width: 768px) 100vw, 768px\" \/><\/a><figcaption class=\"wp-element-caption\">Foto: Christin L\u00fcbke<\/figcaption><\/figure>\n<\/figure>\n\n\n<p>Kunsttag am Gymnasium Nossen | Zusammenarbeit mit Antje Dudek und Georgia Heidenreich | Juni 2023<\/p>\n<p>Am 22. Juni fand der \u201eTag der Kunst\u201c f\u00fcr die 8. Klassen statt. Dazu verwandelten sich einige R\u00e4ume an der Schule in kreative Ateliers und Werkst\u00e4tten und die Sch\u00fclerinnen und Sch\u00fcler konnten sich in mindestens zwei von insgesamt acht k\u00fcnstlerischen Workshops, die von Studierenden der Kunstp\u00e4dagogik der TUD \u2013 mit Unterst\u00fctzung ihrer Dozentinnen Dr. Christin L\u00fcbke und Dr. Antje Dudek \u2013 entwickelt und geleitet wurden, ausprobieren:<\/p>\n<p><!--more--><\/p>\n<p>Es wurden Naturmaterialien zum k\u00fcnstlerischen Gestalten ausgetestet, kleine Stop-Motion-Filme entstanden \u2013 nach denen man die Gegenst\u00e4nde aus der Federtasche mit anderen Augen betrachtet- und die Jugendlichen entdeckten, wie sie den Raum durch ihren K\u00f6rper ver\u00e4ndern k\u00f6nnen und selbst Teil eines Kunstwerkes werden. Das gemeinsame Spielen verwandelte sich vom Gesellschaftsspiel in einen k\u00fcnstlerischen Akt, bei dem am Ende gemeinsam neue Bildwirklichkeiten geschaffen wurden. F\u00e4den spannten sich installativ und performativ durch R\u00e4ume und es wurde auch mit ganzem K\u00f6rpereinsatz \u00fcber gro\u00dfe Fl\u00e4chen gezeichnet. W\u00e4hrend in einem Raum die ersten eigenen geheimnisvollen k\u00fcnstlerischen Hutkreationen geschaffen wurden, konnte man an anderer Stelle beobachten, wie die Jugendlichen mit Neonfarben in der Dunkelheit eigene Choreographien vom Spiel mit Licht und Dunkelheit entwickelten. Der Tag war insgesamt ein kleines Kunstwerk, da die Jugendlichen mit Eifer, Elan und voller Ideen in den Projekten arbeiteten und selbst der ein oder andere Kunstmuffel sich an diesem Tag in einen Experten oder eine Expertin verwandelte.<\/p>\n<p>Text: Georgia Heidenreich<\/p>","protected":false},"excerpt":{"rendered":"<p>Kunsttag am Gymnasium Nossen | Zusammenarbeit mit Antje Dudek und Georgia Heidenreich | Juni 2023 Am 22. Juni fand der \u201eTag der Kunst\u201c f\u00fcr die 8. Klassen statt. Dazu verwandelten sich einige R\u00e4ume an der Schule in kreative Ateliers und Werkst\u00e4tten und die Sch\u00fclerinnen und Sch\u00fcler konnten sich in mindestens zwei von insgesamt acht k\u00fcnstlerischen &hellip; <a href=\"https:\/\/blog.tu-dresden.de\/kunstdidaktik-tud\/2023\/11\/23\/ein-rueckblick-auf-den-tag-der-kunst-spielen-und-staunen\/\" class=\"more-link\"><span class=\"screen-reader-text\">Ein R\u00fcckblick auf den Tag der Kunst: Spielen und Staunen<\/span> weiterlesen <span class=\"meta-nav\">&rarr;<\/span><\/a><\/p>\n","protected":false},"author":170,"featured_media":0,"comment_status":"closed","ping_status":"open","sticky":false,"template":"","format":"standard","meta":{"footnotes":""},"categories":[73,105,1],"tags":[8,21,49,111,113],"class_list":["post-734","post","type-post","status-publish","format-standard","hentry","category-einblicke-ins-aktuelle-semester","category-material-und-kuenstlerisches-handeln","category-allgemein","tag-experiment","tag-kunstpaedagogik","tag-performativitaet","tag-schule","tag-tag-der-kunst"],"_links":{"self":[{"href":"https:\/\/blog.tu-dresden.de\/kunstdidaktik-tud\/wp-json\/wp\/v2\/posts\/734","targetHints":{"allow":["GET"]}}],"collection":[{"href":"https:\/\/blog.tu-dresden.de\/kunstdidaktik-tud\/wp-json\/wp\/v2\/posts"}],"about":[{"href":"https:\/\/blog.tu-dresden.de\/kunstdidaktik-tud\/wp-json\/wp\/v2\/types\/post"}],"author":[{"embeddable":true,"href":"https:\/\/blog.tu-dresden.de\/kunstdidaktik-tud\/wp-json\/wp\/v2\/users\/170"}],"replies":[{"embeddable":true,"href":"https:\/\/blog.tu-dresden.de\/kunstdidaktik-tud\/wp-json\/wp\/v2\/comments?post=734"}],"version-history":[{"count":2,"href":"https:\/\/blog.tu-dresden.de\/kunstdidaktik-tud\/wp-json\/wp\/v2\/posts\/734\/revisions"}],"predecessor-version":[{"id":736,"href":"https:\/\/blog.tu-dresden.de\/kunstdidaktik-tud\/wp-json\/wp\/v2\/posts\/734\/revisions\/736"}],"wp:attachment":[{"href":"https:\/\/blog.tu-dresden.de\/kunstdidaktik-tud\/wp-json\/wp\/v2\/media?parent=734"}],"wp:term":[{"taxonomy":"category","embeddable":true,"href":"https:\/\/blog.tu-dresden.de\/kunstdidaktik-tud\/wp-json\/wp\/v2\/categories?post=734"},{"taxonomy":"post_tag","embeddable":true,"href":"https:\/\/blog.tu-dresden.de\/kunstdidaktik-tud\/wp-json\/wp\/v2\/tags?post=734"}],"curies":[{"name":"wp","href":"https:\/\/api.w.org\/{rel}","templated":true}]}}