{"id":774,"date":"2024-04-26T18:22:49","date_gmt":"2024-04-26T16:22:49","guid":{"rendered":"https:\/\/blog.tu-dresden.de\/kunstdidaktik-tud\/?p=774"},"modified":"2024-04-26T18:26:41","modified_gmt":"2024-04-26T16:26:41","slug":"einlassen-losslasen-auslassen","status":"publish","type":"post","link":"https:\/\/blog.tu-dresden.de\/kunstdidaktik-tud\/2024\/04\/26\/einlassen-losslasen-auslassen\/","title":{"rendered":"EINLASSEN.LOSSLASEN.AUSLASSEN"},"content":{"rendered":"\n<h2 class=\"wp-block-heading\">Vernissage der Studierenden des ersten Semesters<\/h2>\n\n\n\n<figure class=\"wp-block-gallery has-nested-images columns-default is-cropped wp-block-gallery-1 is-layout-flex wp-block-gallery-is-layout-flex\">\n<figure class=\"wp-block-image size-large\"><a href=\"https:\/\/blog.tu-dresden.de\/kunstdidaktik-tud\/files\/2024\/04\/IMG_4096-1.jpeg\"><img loading=\"lazy\" decoding=\"async\" width=\"732\" height=\"1024\" data-id=\"773\" src=\"https:\/\/blog.tu-dresden.de\/kunstdidaktik-tud\/files\/2024\/04\/IMG_4096-1-732x1024.jpeg\" alt=\"\" class=\"wp-image-773\" srcset=\"https:\/\/blog.tu-dresden.de\/kunstdidaktik-tud\/files\/2024\/04\/IMG_4096-1-732x1024.jpeg 732w, https:\/\/blog.tu-dresden.de\/kunstdidaktik-tud\/files\/2024\/04\/IMG_4096-1-214x300.jpeg 214w, https:\/\/blog.tu-dresden.de\/kunstdidaktik-tud\/files\/2024\/04\/IMG_4096-1.jpeg 750w\" sizes=\"auto, (max-width: 732px) 100vw, 732px\" \/><\/a><\/figure>\n\n\n\n<figure class=\"wp-block-image size-large\"><a href=\"https:\/\/blog.tu-dresden.de\/kunstdidaktik-tud\/files\/2024\/04\/IMG_6372-scaled.jpeg\"><img loading=\"lazy\" decoding=\"async\" width=\"768\" height=\"1024\" data-id=\"772\" src=\"https:\/\/blog.tu-dresden.de\/kunstdidaktik-tud\/files\/2024\/04\/IMG_6372-768x1024.jpeg\" alt=\"\" class=\"wp-image-772\" srcset=\"https:\/\/blog.tu-dresden.de\/kunstdidaktik-tud\/files\/2024\/04\/IMG_6372-768x1024.jpeg 768w, https:\/\/blog.tu-dresden.de\/kunstdidaktik-tud\/files\/2024\/04\/IMG_6372-225x300.jpeg 225w, https:\/\/blog.tu-dresden.de\/kunstdidaktik-tud\/files\/2024\/04\/IMG_6372-1152x1536.jpeg 1152w, https:\/\/blog.tu-dresden.de\/kunstdidaktik-tud\/files\/2024\/04\/IMG_6372-1536x2048.jpeg 1536w, https:\/\/blog.tu-dresden.de\/kunstdidaktik-tud\/files\/2024\/04\/IMG_6372-scaled.jpeg 1920w\" sizes=\"auto, (max-width: 768px) 100vw, 768px\" \/><\/a><\/figure>\n\n\n\n<figure class=\"wp-block-image size-large\"><a href=\"https:\/\/blog.tu-dresden.de\/kunstdidaktik-tud\/files\/2024\/04\/IMG_6376-scaled.jpeg\"><img loading=\"lazy\" decoding=\"async\" width=\"831\" height=\"1024\" data-id=\"771\" src=\"https:\/\/blog.tu-dresden.de\/kunstdidaktik-tud\/files\/2024\/04\/IMG_6376-831x1024.jpeg\" alt=\"\" class=\"wp-image-771\" srcset=\"https:\/\/blog.tu-dresden.de\/kunstdidaktik-tud\/files\/2024\/04\/IMG_6376-831x1024.jpeg 831w, https:\/\/blog.tu-dresden.de\/kunstdidaktik-tud\/files\/2024\/04\/IMG_6376-244x300.jpeg 244w, https:\/\/blog.tu-dresden.de\/kunstdidaktik-tud\/files\/2024\/04\/IMG_6376-768x946.jpeg 768w, https:\/\/blog.tu-dresden.de\/kunstdidaktik-tud\/files\/2024\/04\/IMG_6376-1247x1536.jpeg 1247w, https:\/\/blog.tu-dresden.de\/kunstdidaktik-tud\/files\/2024\/04\/IMG_6376-1663x2048.jpeg 1663w\" sizes=\"auto, (max-width: 831px) 100vw, 831px\" \/><\/a><\/figure>\n\n\n\n<figure class=\"wp-block-image size-large\"><a href=\"https:\/\/blog.tu-dresden.de\/kunstdidaktik-tud\/files\/2024\/04\/IMG_6378-scaled.jpeg\"><img loading=\"lazy\" decoding=\"async\" width=\"768\" height=\"1024\" data-id=\"768\" src=\"https:\/\/blog.tu-dresden.de\/kunstdidaktik-tud\/files\/2024\/04\/IMG_6378-768x1024.jpeg\" alt=\"\" class=\"wp-image-768\" srcset=\"https:\/\/blog.tu-dresden.de\/kunstdidaktik-tud\/files\/2024\/04\/IMG_6378-768x1024.jpeg 768w, https:\/\/blog.tu-dresden.de\/kunstdidaktik-tud\/files\/2024\/04\/IMG_6378-225x300.jpeg 225w, https:\/\/blog.tu-dresden.de\/kunstdidaktik-tud\/files\/2024\/04\/IMG_6378-1152x1536.jpeg 1152w, https:\/\/blog.tu-dresden.de\/kunstdidaktik-tud\/files\/2024\/04\/IMG_6378-1536x2048.jpeg 1536w, https:\/\/blog.tu-dresden.de\/kunstdidaktik-tud\/files\/2024\/04\/IMG_6378-scaled.jpeg 1920w\" sizes=\"auto, (max-width: 768px) 100vw, 768px\" \/><\/a><\/figure>\n\n\n\n<figure class=\"wp-block-image size-large\"><a href=\"https:\/\/blog.tu-dresden.de\/kunstdidaktik-tud\/files\/2024\/04\/IMG_6379-scaled.jpeg\"><img loading=\"lazy\" decoding=\"async\" width=\"733\" height=\"1024\" data-id=\"767\" src=\"https:\/\/blog.tu-dresden.de\/kunstdidaktik-tud\/files\/2024\/04\/IMG_6379-733x1024.jpeg\" alt=\"\" class=\"wp-image-767\" srcset=\"https:\/\/blog.tu-dresden.de\/kunstdidaktik-tud\/files\/2024\/04\/IMG_6379-733x1024.jpeg 733w, https:\/\/blog.tu-dresden.de\/kunstdidaktik-tud\/files\/2024\/04\/IMG_6379-215x300.jpeg 215w, https:\/\/blog.tu-dresden.de\/kunstdidaktik-tud\/files\/2024\/04\/IMG_6379-768x1073.jpeg 768w, https:\/\/blog.tu-dresden.de\/kunstdidaktik-tud\/files\/2024\/04\/IMG_6379-1099x1536.jpeg 1099w, https:\/\/blog.tu-dresden.de\/kunstdidaktik-tud\/files\/2024\/04\/IMG_6379-1465x2048.jpeg 1465w, https:\/\/blog.tu-dresden.de\/kunstdidaktik-tud\/files\/2024\/04\/IMG_6379-scaled.jpeg 1832w\" sizes=\"auto, (max-width: 733px) 100vw, 733px\" \/><\/a><\/figure>\n\n\n\n<figure class=\"wp-block-image size-large\"><a href=\"https:\/\/blog.tu-dresden.de\/kunstdidaktik-tud\/files\/2024\/04\/IMG_6374-scaled.jpeg\"><img loading=\"lazy\" decoding=\"async\" width=\"768\" height=\"1024\" data-id=\"766\" src=\"https:\/\/blog.tu-dresden.de\/kunstdidaktik-tud\/files\/2024\/04\/IMG_6374-768x1024.jpeg\" alt=\"\" class=\"wp-image-766\" srcset=\"https:\/\/blog.tu-dresden.de\/kunstdidaktik-tud\/files\/2024\/04\/IMG_6374-768x1024.jpeg 768w, https:\/\/blog.tu-dresden.de\/kunstdidaktik-tud\/files\/2024\/04\/IMG_6374-225x300.jpeg 225w, https:\/\/blog.tu-dresden.de\/kunstdidaktik-tud\/files\/2024\/04\/IMG_6374-1152x1536.jpeg 1152w, https:\/\/blog.tu-dresden.de\/kunstdidaktik-tud\/files\/2024\/04\/IMG_6374-1536x2048.jpeg 1536w, https:\/\/blog.tu-dresden.de\/kunstdidaktik-tud\/files\/2024\/04\/IMG_6374-scaled.jpeg 1920w\" sizes=\"auto, (max-width: 768px) 100vw, 768px\" \/><\/a><\/figure>\n\n\n\n<figure class=\"wp-block-image size-large\"><a href=\"https:\/\/blog.tu-dresden.de\/kunstdidaktik-tud\/files\/2024\/04\/IMG_6375-scaled.jpeg\"><img loading=\"lazy\" decoding=\"async\" width=\"768\" height=\"1024\" data-id=\"765\" src=\"https:\/\/blog.tu-dresden.de\/kunstdidaktik-tud\/files\/2024\/04\/IMG_6375-768x1024.jpeg\" alt=\"\" class=\"wp-image-765\" srcset=\"https:\/\/blog.tu-dresden.de\/kunstdidaktik-tud\/files\/2024\/04\/IMG_6375-768x1024.jpeg 768w, https:\/\/blog.tu-dresden.de\/kunstdidaktik-tud\/files\/2024\/04\/IMG_6375-225x300.jpeg 225w, https:\/\/blog.tu-dresden.de\/kunstdidaktik-tud\/files\/2024\/04\/IMG_6375-1152x1536.jpeg 1152w, https:\/\/blog.tu-dresden.de\/kunstdidaktik-tud\/files\/2024\/04\/IMG_6375-1536x2048.jpeg 1536w, https:\/\/blog.tu-dresden.de\/kunstdidaktik-tud\/files\/2024\/04\/IMG_6375-scaled.jpeg 1920w\" sizes=\"auto, (max-width: 768px) 100vw, 768px\" \/><\/a><\/figure>\n\n\n\n<figure class=\"wp-block-image size-large\"><a href=\"https:\/\/blog.tu-dresden.de\/kunstdidaktik-tud\/files\/2024\/04\/IMG_6380-scaled.jpeg\"><img loading=\"lazy\" decoding=\"async\" width=\"768\" height=\"1024\" data-id=\"764\" src=\"https:\/\/blog.tu-dresden.de\/kunstdidaktik-tud\/files\/2024\/04\/IMG_6380-768x1024.jpeg\" alt=\"\" class=\"wp-image-764\" srcset=\"https:\/\/blog.tu-dresden.de\/kunstdidaktik-tud\/files\/2024\/04\/IMG_6380-768x1024.jpeg 768w, https:\/\/blog.tu-dresden.de\/kunstdidaktik-tud\/files\/2024\/04\/IMG_6380-225x300.jpeg 225w, https:\/\/blog.tu-dresden.de\/kunstdidaktik-tud\/files\/2024\/04\/IMG_6380-1152x1536.jpeg 1152w, https:\/\/blog.tu-dresden.de\/kunstdidaktik-tud\/files\/2024\/04\/IMG_6380-1536x2048.jpeg 1536w, https:\/\/blog.tu-dresden.de\/kunstdidaktik-tud\/files\/2024\/04\/IMG_6380-scaled.jpeg 1920w\" sizes=\"auto, (max-width: 768px) 100vw, 768px\" \/><\/a><\/figure>\n<\/figure>\n\n\n\n<p>Zum Auftakt des Sommersemesters 2024 pr\u00e4sentierten unsere Studierenden des ersten Semesters Ausz\u00fcge aus ihrer Auseinandersetzungen im Rahmen des Seminars \u201eGrundlagen des k\u00fcnstlerisch-praktischen Arbeitens.\u201c<\/p>\n\n\n\n<p>Ausgestellt wurden eine Vielzahl an spannenden Arbeiten, die sowohl thematisch als auch formal unterschiedlicher nicht sein k\u00f6nnten.&nbsp;<\/p>\n\n\n\n<p>Mit Sekt und Saft luden uns die Studierenden am 18.04.24 in die August-Bebel-Stra\u00dfe 20 ein und er\u00f6ffneten mit ihrer Vernissage ihre erste eigene Ausstellung.&nbsp;Die Ausstellung l\u00e4uft w\u00e4hrend des Semesters weiter und l\u00e4dt zu Gespr\u00e4chen und Verweilen weiterhin ein.&nbsp;<\/p>\n","protected":false},"excerpt":{"rendered":"<p>Vernissage der Studierenden des ersten Semesters Zum Auftakt des Sommersemesters 2024 pr\u00e4sentierten unsere Studierenden des ersten Semesters Ausz\u00fcge aus ihrer Auseinandersetzungen im Rahmen des Seminars \u201eGrundlagen des k\u00fcnstlerisch-praktischen Arbeitens.\u201c Ausgestellt wurden eine Vielzahl an spannenden Arbeiten, die sowohl thematisch als auch formal unterschiedlicher nicht sein k\u00f6nnten.&nbsp; Mit Sekt und Saft luden uns die Studierenden am &hellip; <a href=\"https:\/\/blog.tu-dresden.de\/kunstdidaktik-tud\/2024\/04\/26\/einlassen-losslasen-auslassen\/\" class=\"more-link\"><span class=\"screen-reader-text\">EINLASSEN.LOSSLASEN.AUSLASSEN<\/span> weiterlesen <span class=\"meta-nav\">&rarr;<\/span><\/a><\/p>\n","protected":false},"author":170,"featured_media":0,"comment_status":"closed","ping_status":"open","sticky":false,"template":"","format":"standard","meta":{"footnotes":""},"categories":[73],"tags":[79,134,123],"class_list":["post-774","post","type-post","status-publish","format-standard","hentry","category-einblicke-ins-aktuelle-semester","tag-ausstellung","tag-erstsemester","tag-vernissage"],"_links":{"self":[{"href":"https:\/\/blog.tu-dresden.de\/kunstdidaktik-tud\/wp-json\/wp\/v2\/posts\/774","targetHints":{"allow":["GET"]}}],"collection":[{"href":"https:\/\/blog.tu-dresden.de\/kunstdidaktik-tud\/wp-json\/wp\/v2\/posts"}],"about":[{"href":"https:\/\/blog.tu-dresden.de\/kunstdidaktik-tud\/wp-json\/wp\/v2\/types\/post"}],"author":[{"embeddable":true,"href":"https:\/\/blog.tu-dresden.de\/kunstdidaktik-tud\/wp-json\/wp\/v2\/users\/170"}],"replies":[{"embeddable":true,"href":"https:\/\/blog.tu-dresden.de\/kunstdidaktik-tud\/wp-json\/wp\/v2\/comments?post=774"}],"version-history":[{"count":2,"href":"https:\/\/blog.tu-dresden.de\/kunstdidaktik-tud\/wp-json\/wp\/v2\/posts\/774\/revisions"}],"predecessor-version":[{"id":776,"href":"https:\/\/blog.tu-dresden.de\/kunstdidaktik-tud\/wp-json\/wp\/v2\/posts\/774\/revisions\/776"}],"wp:attachment":[{"href":"https:\/\/blog.tu-dresden.de\/kunstdidaktik-tud\/wp-json\/wp\/v2\/media?parent=774"}],"wp:term":[{"taxonomy":"category","embeddable":true,"href":"https:\/\/blog.tu-dresden.de\/kunstdidaktik-tud\/wp-json\/wp\/v2\/categories?post=774"},{"taxonomy":"post_tag","embeddable":true,"href":"https:\/\/blog.tu-dresden.de\/kunstdidaktik-tud\/wp-json\/wp\/v2\/tags?post=774"}],"curies":[{"name":"wp","href":"https:\/\/api.w.org\/{rel}","templated":true}]}}