{"id":334,"date":"2017-01-11T09:22:40","date_gmt":"2017-01-11T09:22:40","guid":{"rendered":"http:\/\/blog.tu-dresden.de\/litfasssaeule\/?p=334"},"modified":"2017-01-11T09:23:34","modified_gmt":"2017-01-11T09:23:34","slug":"wir-sind-dabei-dghd-jahrestagung-2017","status":"publish","type":"post","link":"https:\/\/blog.tu-dresden.de\/litfasssaeule\/2017\/01\/11\/wir-sind-dabei-dghd-jahrestagung-2017\/","title":{"rendered":"Wir sind dabei: DGHD-Jahrestagung 2017"},"content":{"rendered":"<p>V<img loading=\"lazy\" decoding=\"async\" class=\"alignleft size-thumbnail wp-image-335\" src=\"http:\/\/blog.tu-dresden.de\/litfasssaeule\/files\/2017\/01\/dghd17-150x150.jpg\" alt=\"dghd17\" width=\"150\" height=\"150\" srcset=\"https:\/\/blog.tu-dresden.de\/litfasssaeule\/files\/2017\/01\/dghd17-150x150.jpg 150w, https:\/\/blog.tu-dresden.de\/litfasssaeule\/files\/2017\/01\/dghd17-300x300.jpg 300w, https:\/\/blog.tu-dresden.de\/litfasssaeule\/files\/2017\/01\/dghd17.jpg 304w\" sizes=\"auto, (max-width: 150px) 100vw, 150px\" \/>om 8. \u2013 10. M\u00e4rz 2017 (7. M\u00e4rz Preconference) findet die 46. Jahrestagung der Deutschen Gesellschaft f\u00fcr Hochschuldidaktik (dghd) an der TH K\u00f6ln statt. Sie steht unter dem Motto \u201ePrinzip Hochschulentwicklung \u2013 Hochschuldidaktik zwischen Profilbildung und Wertefragen\u201c. Zeitgleich findet der Tag f\u00fcr die exzellente Lehre 2017 der TH K\u00f6ln statt, zu dem alle Teilnehmenden der Tagung eingeladen sind.<\/p>\n<p>Neben den Hochschuldidaktiker\/innen sind nat\u00fcrlich Lehrende herzlich eingeladen. Informationen zum Programm und zu den Anmeldemodalit\u00e4ten finden Sie <a href=\"https:\/\/www.th-koeln.de\/hochschule\/46-jahrestagung-der-dghd_34177.php\" target=\"_blank\">hier<\/a>.<\/p>\n<p>Wir sind dabei und freuen uns auf neue Impulse und alte Bekannte.<\/p>\n","protected":false},"excerpt":{"rendered":"<p>Vom 8. \u2013 10. M\u00e4rz 2017 (7. M\u00e4rz Preconference) findet die 46. Jahrestagung der Deutschen Gesellschaft f\u00fcr Hochschuldidaktik (dghd) an der TH K\u00f6ln statt. Sie steht unter dem Motto \u201ePrinzip Hochschulentwicklung \u2013 Hochschuldidaktik zwischen Profilbildung und Wertefragen\u201c. Zeitgleich findet der Tag f\u00fcr die exzellente Lehre 2017 der TH K\u00f6ln statt, zu dem alle Teilnehmenden der [&hellip;]<\/p>\n","protected":false},"author":165,"featured_media":0,"comment_status":"open","ping_status":"open","sticky":false,"template":"","format":"standard","meta":{"footnotes":""},"categories":[1],"tags":[],"class_list":["post-334","post","type-post","status-publish","format-standard","hentry","category-allgemein"],"_links":{"self":[{"href":"https:\/\/blog.tu-dresden.de\/litfasssaeule\/wp-json\/wp\/v2\/posts\/334","targetHints":{"allow":["GET"]}}],"collection":[{"href":"https:\/\/blog.tu-dresden.de\/litfasssaeule\/wp-json\/wp\/v2\/posts"}],"about":[{"href":"https:\/\/blog.tu-dresden.de\/litfasssaeule\/wp-json\/wp\/v2\/types\/post"}],"author":[{"embeddable":true,"href":"https:\/\/blog.tu-dresden.de\/litfasssaeule\/wp-json\/wp\/v2\/users\/165"}],"replies":[{"embeddable":true,"href":"https:\/\/blog.tu-dresden.de\/litfasssaeule\/wp-json\/wp\/v2\/comments?post=334"}],"version-history":[{"count":3,"href":"https:\/\/blog.tu-dresden.de\/litfasssaeule\/wp-json\/wp\/v2\/posts\/334\/revisions"}],"predecessor-version":[{"id":338,"href":"https:\/\/blog.tu-dresden.de\/litfasssaeule\/wp-json\/wp\/v2\/posts\/334\/revisions\/338"}],"wp:attachment":[{"href":"https:\/\/blog.tu-dresden.de\/litfasssaeule\/wp-json\/wp\/v2\/media?parent=334"}],"wp:term":[{"taxonomy":"category","embeddable":true,"href":"https:\/\/blog.tu-dresden.de\/litfasssaeule\/wp-json\/wp\/v2\/categories?post=334"},{"taxonomy":"post_tag","embeddable":true,"href":"https:\/\/blog.tu-dresden.de\/litfasssaeule\/wp-json\/wp\/v2\/tags?post=334"}],"curies":[{"name":"wp","href":"https:\/\/api.w.org\/{rel}","templated":true}]}}