{"id":60,"date":"2014-04-30T13:51:24","date_gmt":"2014-04-30T13:51:24","guid":{"rendered":"http:\/\/blog.tu-dresden.de\/litfasssaeule\/?p=60"},"modified":"2014-04-30T13:51:24","modified_gmt":"2014-04-30T13:51:24","slug":"teaching-trends-2014","status":"publish","type":"post","link":"https:\/\/blog.tu-dresden.de\/litfasssaeule\/2014\/04\/30\/teaching-trends-2014\/","title":{"rendered":"Teaching Trends 2014"},"content":{"rendered":"<p>Vom 15. \u2013 16. Oktober 2014 findet an der Universit\u00e4t Oldenburg die <strong>Teaching Trends 2014<\/strong> statt.\u00a0 Der Einsatz digitaler Lerntechnologien hat an Hochschulen einen anerkannten und hohen Stellenwert. Um einen \u00dcberblick \u00fcber aktuelle und zuk\u00fcnftige Trends aus den Bereichen \u201eneue Medien\u201c und \u201eE-Learning\u201c zu bieten, l\u00e4dt der ELAN e.V. zum Kongress \u201eTeaching Trends 2014: Offen f\u00fcr neue Wege \u2013 Digitale Medien in der Hochschule \u201c an der Universit\u00e4t Oldenburg ein.<\/p>\n","protected":false},"excerpt":{"rendered":"<p>Vom 15. \u2013 16. Oktober 2014 findet an der Universit\u00e4t Oldenburg die Teaching Trends 2014 statt. <\/p>\n","protected":false},"author":127,"featured_media":0,"comment_status":"open","ping_status":"open","sticky":false,"template":"","format":"standard","meta":{"footnotes":""},"categories":[538,571],"tags":[4431],"class_list":["post-60","post","type-post","status-publish","format-standard","hentry","category-md","category-veranstaltungen","tag-tagung"],"_links":{"self":[{"href":"https:\/\/blog.tu-dresden.de\/litfasssaeule\/wp-json\/wp\/v2\/posts\/60","targetHints":{"allow":["GET"]}}],"collection":[{"href":"https:\/\/blog.tu-dresden.de\/litfasssaeule\/wp-json\/wp\/v2\/posts"}],"about":[{"href":"https:\/\/blog.tu-dresden.de\/litfasssaeule\/wp-json\/wp\/v2\/types\/post"}],"author":[{"embeddable":true,"href":"https:\/\/blog.tu-dresden.de\/litfasssaeule\/wp-json\/wp\/v2\/users\/127"}],"replies":[{"embeddable":true,"href":"https:\/\/blog.tu-dresden.de\/litfasssaeule\/wp-json\/wp\/v2\/comments?post=60"}],"version-history":[{"count":1,"href":"https:\/\/blog.tu-dresden.de\/litfasssaeule\/wp-json\/wp\/v2\/posts\/60\/revisions"}],"predecessor-version":[{"id":61,"href":"https:\/\/blog.tu-dresden.de\/litfasssaeule\/wp-json\/wp\/v2\/posts\/60\/revisions\/61"}],"wp:attachment":[{"href":"https:\/\/blog.tu-dresden.de\/litfasssaeule\/wp-json\/wp\/v2\/media?parent=60"}],"wp:term":[{"taxonomy":"category","embeddable":true,"href":"https:\/\/blog.tu-dresden.de\/litfasssaeule\/wp-json\/wp\/v2\/categories?post=60"},{"taxonomy":"post_tag","embeddable":true,"href":"https:\/\/blog.tu-dresden.de\/litfasssaeule\/wp-json\/wp\/v2\/tags?post=60"}],"curies":[{"name":"wp","href":"https:\/\/api.w.org\/{rel}","templated":true}]}}