{"id":580,"date":"2014-09-01T07:12:07","date_gmt":"2014-09-01T07:12:07","guid":{"rendered":"http:\/\/blog.tu-dresden.de\/slavistik-dresden\/?p=580"},"modified":"2014-09-16T15:58:03","modified_gmt":"2014-09-16T15:58:03","slug":"begegnung-mit-studierenden-aus-moskau","status":"publish","type":"post","link":"https:\/\/blog.tu-dresden.de\/slavistik-dresden\/2014\/09\/01\/begegnung-mit-studierenden-aus-moskau\/","title":{"rendered":"Begegnung mit Studierenden aus Moskau"},"content":{"rendered":"<p><a href=\"http:\/\/blog.tu-dresden.de\/slavistik-dresden\/files\/2014\/09\/mgpu_gerb4.jpg\"><img loading=\"lazy\" decoding=\"async\" class=\"alignleft size-thumbnail wp-image-581\" src=\"http:\/\/blog.tu-dresden.de\/slavistik-dresden\/files\/2014\/09\/mgpu_gerb4-150x150.jpg\" alt=\"mgpu_gerb4\" width=\"150\" height=\"150\" \/><\/a>Am<strong> 23. September<\/strong> ist an der Fakult\u00e4t Sprach-, Literatur- und Kulturwissenschaften eine Gruppe Studierender der Moskauer St\u00e4dtischen P\u00e4dagogischen Universit\u00e4t (MGPU) zu Gast. Alle Slavisten und Slavistinnen, die mehr \u00fcber Studienbedingungen und Studienalltag in Moskau wissen wollen und an einem fachlichen Austausch interessiert sind, sind herzlich zum Treffen eingeladen.<\/p>\n<p>Die Begegnung findet am im<strong> W48\/004 <\/strong>ab<strong> 10:00 Uhr<\/strong> statt.<\/p>\n<p><span style=\"text-decoration: underline\">Programm:<\/span><\/p>\n<p><strong>10:00 Uhr Raum 04<\/strong><\/p>\n<p>Offizielle Vorstellung der Moskauer Staatlichen P\u00e4dagogischen Universit\u00e4t und dem Studienalltag als zuk\u00fcnftige Deutschlehrer und Linguisten mit Schwerpunkt Deutsch.<\/p>\n<p><strong>11:00 Gespr\u00e4chsrunden auf Russisch und auf Deutsch<\/strong><\/p>\n<p><em>Was haben wir uns in den Zeiten politischer Anspannung zu sagen und zu fragen? Wie reflektieren wir die bereits durchgef\u00fchrte gemeinsame Arbeit an einem Seminar mit Herrn Zeuner? Was w\u00fcnschen wir uns f\u00fcr die Zukunft im weiteren Studium und danach? Diese und weitere Fragen m\u00f6chten wir in lockerer Runde besprechen!<\/em><\/p>\n<p>Raum 4: Gruppe Slavistik\u00a0\u00a0\u00a0\u00a0\u00a0\u00a0\u00a0\u00a0\u00a0\u00a0\u00a0\u00a0\u00a0\u00a0\u00a0\u00a0\u00a0\u00a0\u00a0\u00a0\u00a0\u00a0\u00a0\u00a0\u00a0\u00a0\u00a0\u00a0\u00a0\u00a0\u00a0\u00a0\u00a0\u00a0\u00a0\u00a0\u00a0\u00a0\u00a0\u00a0\u00a0\u00a0\u00a0\u00a0\u00a0\u00a0\u00a0\u00a0\u00a0\u00a0\u00a0\u00a0\u00a0 Raum 3: Gruppe Germanistik<\/p>\n<p><em>Unsere Studienreise k\u00f6nnt ihr auch auf diesem Blog verfolgen: <\/em><a href=\"http:\/\/vk.com\/away.php?to=http%3A%2F%2Fstudienreise-mgpu.blogspot.com\">studienreise-mgpu.blogspot.com<\/a><\/p>\n","protected":false},"excerpt":{"rendered":"<p>Am 23. September ist an der Fakult\u00e4t Sprach-, Literatur- und Kulturwissenschaften eine Gruppe Studierender der Moskauer St\u00e4dtischen P\u00e4dagogischen Universit\u00e4t (MGPU) zu Gast. Alle Slavisten und Slavistinnen, die mehr \u00fcber Studienbedingungen und Studienalltag in Moskau wissen wollen und an einem fachlichen Austausch interessiert sind, sind herzlich zum Treffen eingeladen. Die Begegnung findet am im W48\/004 ab [&hellip;]<\/p>\n","protected":false},"author":157,"featured_media":0,"comment_status":"open","ping_status":"open","sticky":false,"template":"","format":"standard","meta":{"footnotes":""},"categories":[1],"tags":[],"class_list":["post-580","post","type-post","status-publish","format-standard","hentry","category-allgemein"],"_links":{"self":[{"href":"https:\/\/blog.tu-dresden.de\/slavistik-dresden\/wp-json\/wp\/v2\/posts\/580","targetHints":{"allow":["GET"]}}],"collection":[{"href":"https:\/\/blog.tu-dresden.de\/slavistik-dresden\/wp-json\/wp\/v2\/posts"}],"about":[{"href":"https:\/\/blog.tu-dresden.de\/slavistik-dresden\/wp-json\/wp\/v2\/types\/post"}],"author":[{"embeddable":true,"href":"https:\/\/blog.tu-dresden.de\/slavistik-dresden\/wp-json\/wp\/v2\/users\/157"}],"replies":[{"embeddable":true,"href":"https:\/\/blog.tu-dresden.de\/slavistik-dresden\/wp-json\/wp\/v2\/comments?post=580"}],"version-history":[{"count":8,"href":"https:\/\/blog.tu-dresden.de\/slavistik-dresden\/wp-json\/wp\/v2\/posts\/580\/revisions"}],"predecessor-version":[{"id":589,"href":"https:\/\/blog.tu-dresden.de\/slavistik-dresden\/wp-json\/wp\/v2\/posts\/580\/revisions\/589"}],"wp:attachment":[{"href":"https:\/\/blog.tu-dresden.de\/slavistik-dresden\/wp-json\/wp\/v2\/media?parent=580"}],"wp:term":[{"taxonomy":"category","embeddable":true,"href":"https:\/\/blog.tu-dresden.de\/slavistik-dresden\/wp-json\/wp\/v2\/categories?post=580"},{"taxonomy":"post_tag","embeddable":true,"href":"https:\/\/blog.tu-dresden.de\/slavistik-dresden\/wp-json\/wp\/v2\/tags?post=580"}],"curies":[{"name":"wp","href":"https:\/\/api.w.org\/{rel}","templated":true}]}}